{"id":159101,"date":"2012-02-06T11:32:04","date_gmt":"2012-02-06T07:32:04","guid":{"rendered":"http:\/\/www.epress.am\/?p=159101"},"modified":"2012-02-06T11:33:35","modified_gmt":"2012-02-06T07:33:35","slug":"turkey-would-recognize-armenian-genocide-if-it-was-historically-scientifically-substantiated-minister","status":"publish","type":"post","link":"https:\/\/epress.am\/en\/2012\/02\/06\/turkey-would-recognize-armenian-genocide-if-it-was-historically-scientifically-substantiated-minister.html","title":{"rendered":"Turkey Would Recognize Armenian Genocide If &#8216;it was Historically, Scientifically Substantiated&#8217;: Minister"},"content":{"rendered":"<p>Turkey\u2019s Minister for European Affairs and chief EU negotiator Egemen Ba\u011f\u0131\u015f on Saturday said if the Armenian Genocide could be historically and scientifically substantiated, Turkey would apologize for it.<\/p>\n<p>As a guest on \u201c<span style=\"color: #000080;\"><strong><a href=\"http:\/\/www.aljazeera.com\/programmes\/talktojazeera\/2012\/02\/20122410292297478.html\"><span style=\"color: #000080;\">Talk to Al Jazeera<\/span><\/a><\/strong><\/span>,\u201d one of the most popular programs on the Al Jazeera English-language news station, Ba\u011f\u0131\u015f said Turkey would apologize if the Armenian Genocide was proven both historically and scientifically.<\/p>\n<p>Responding to extensive questions regarding whether the Turkish government would recognize the 1915 incidents as genocide, Ba\u011f\u0131\u015f said, \u201cIf it is recognized as a reality approved both historically and scientifically, moreover, unanimously, then why not?\u201d He noted that every nation has dark moments in its history, asking, \u201cWould you be able to name a nation without any dark chapters or pains in its past?\u201d<\/p>\n<p>He also noted that to prove if the incident amounted to genocide or not, first the disputed issue needs to be examined objectively. However, he said the Armenian government was not brave enough to confront its own history and refuses to disclose its historical archives, <strong><span style=\"color: #000080;\"><a href=\"http:\/\/www.todayszaman.com\/news-270579-if-armenian-genocide-proven-turkey-will-apologize-says-bagis.html\"><span style=\"color: #000080;\">Today&#8217;s Zaman<\/span><\/a><\/span><\/strong> reports.<\/p>\n<p>Referring to a bill adopted recently by the French Senate that makes it a crime to deny the Armenian Genocide, Ba\u011f\u0131\u015f said the bill was \u201cnull and void\u201d for Turkey.<\/p>\n<!-- AddThis Advanced Settings generic via filter on the_content --><!-- AddThis Share Buttons generic via filter on the_content -->","protected":false},"excerpt":{"rendered":"<p>Turkey\u2019s Minister for European Affairs and chief EU negotiator Egemen Ba\u011f\u0131\u015f on Saturday said if the Armenian Genocide could&#8230;<!-- AddThis Advanced Settings generic via filter on get_the_excerpt --><!-- AddThis Share Buttons generic via filter on get_the_excerpt --><\/p>\n","protected":false},"author":1,"featured_media":157186,"comment_status":"closed","ping_status":"closed","sticky":false,"template":"","format":"standard","meta":{"tstyn_error":""},"categories":[10],"tags":[10372,13334,10790,16861],"_links":{"self":[{"href":"https:\/\/epress.am\/en\/wp-json\/wp\/v2\/posts\/159101"}],"collection":[{"href":"https:\/\/epress.am\/en\/wp-json\/wp\/v2\/posts"}],"about":[{"href":"https:\/\/epress.am\/en\/wp-json\/wp\/v2\/types\/post"}],"author":[{"embeddable":true,"href":"https:\/\/epress.am\/en\/wp-json\/wp\/v2\/users\/1"}],"replies":[{"embeddable":true,"href":"https:\/\/epress.am\/en\/wp-json\/wp\/v2\/comments?post=159101"}],"version-history":[{"count":0,"href":"https:\/\/epress.am\/en\/wp-json\/wp\/v2\/posts\/159101\/revisions"}],"wp:featuredmedia":[{"embeddable":true,"href":"https:\/\/epress.am\/en\/wp-json\/wp\/v2\/media\/157186"}],"wp:attachment":[{"href":"https:\/\/epress.am\/en\/wp-json\/wp\/v2\/media?parent=159101"}],"wp:term":[{"taxonomy":"category","embeddable":true,"href":"https:\/\/epress.am\/en\/wp-json\/wp\/v2\/categories?post=159101"},{"taxonomy":"post_tag","embeddable":true,"href":"https:\/\/epress.am\/en\/wp-json\/wp\/v2\/tags?post=159101"}],"curies":[{"name":"wp","href":"https:\/\/api.w.org\/{rel}","templated":true}]}}